{"id":684,"date":"2010-08-11T13:46:09","date_gmt":"2010-08-11T12:46:09","guid":{"rendered":"http:\/\/www.graphideo.com\/blog\/?p=684"},"modified":"2014-08-28T00:11:51","modified_gmt":"2014-08-27T22:11:51","slug":"rouen-mimpressionne","status":"publish","type":"post","link":"http:\/\/www.graphideo.com\/blog\/2010\/08\/11\/rouen-mimpressionne\/","title":{"rendered":"Rouen m&rsquo;impressionne"},"content":{"rendered":"<p>Je suis all\u00e9e ce week-end \u00e0 Rouen, o\u00f9 ont lieu tout l&rsquo;\u00e9t\u00e9 des expos et des animations dans le cadre du <a title=\"vers le site Normandie Impressionniste\" href=\"http:\/\/www.normandie-impressionniste.fr\" target=\"_blank\">Festival Normandie Impressionniste<\/a>, sous le titre \u00ab\u00a0<a title=\"Vers le site Rouen impressionn\u00e9e\" href=\"http:\/\/rouenimpressionnee.fr\/\" target=\"_blank\">Rouen impressionn\u00e9e<\/a>\u00ab\u00a0.<br \/>\nSujet un peu pass\u00e9iste direz-vous ?<br \/>\nOui, mais non : les organisateurs ont eu la tr\u00e8s bonne id\u00e9e de faire participer des artistes contemporains &#8211; photographes, peintres &#8211; sur ce th\u00e8me, et le r\u00e9sultat vaut le voyage. Un coup de coeur en particulier pour le <a title=\"Vesrs le site du Frac Haute-Normandie\" href=\"http:\/\/www.frachautenormandie.org\/\" target=\"_blank\">FRAC Haute-Normandie<\/a>, qui organise une expo photo qui vaut le d\u00e9tour, ainsi que les animations du jardin des Plantes.<\/p>\n<p>Pour achever de vous tenter, sachez que la plupart de ces expositions sont gratuites (et que la ville est magnifique).<\/p>\n<p>Toutes les infos :<br \/>\n<a title=\"Vers le site Rouen impressionn\u00e9e\" href=\"http:\/\/rouenimpressionnee.fr\/\" target=\"_blank\">Rouen impressionn\u00e9e<br \/>\n<\/a><\/p>\n<p><span style=\"color: #000000; -webkit-text-decorations-in-effect: none;\">Ci-dessous quelques \u00ab\u00a0choses vues\u00a0\u00bb :<\/span><\/p>\n<div id='gallery-1' class='gallery galleryid-684 gallery-columns-2 gallery-size-thumbnail'><figure class='gallery-item'>\n\t\t\t<div class='gallery-icon landscape'>\n\t\t\t\t<a href='http:\/\/www.graphideo.com\/blog\/wp-content\/uploads\/rouen2010_camille.jpg' rel=\"lightbox[684]\"><img loading=\"lazy\" decoding=\"async\" width=\"150\" height=\"150\" src=\"http:\/\/www.graphideo.com\/blog\/wp-content\/uploads\/rouen2010_camille-150x150.jpg\" class=\"attachment-thumbnail size-thumbnail\" alt=\"\" \/><\/a>\n\t\t\t<\/div><\/figure><figure class='gallery-item'>\n\t\t\t<div class='gallery-icon landscape'>\n\t\t\t\t<a href='http:\/\/www.graphideo.com\/blog\/wp-content\/uploads\/rouen2010_jardinplantes1.jpg' rel=\"lightbox[684]\"><img loading=\"lazy\" decoding=\"async\" width=\"150\" height=\"150\" src=\"http:\/\/www.graphideo.com\/blog\/wp-content\/uploads\/rouen2010_jardinplantes1-150x150.jpg\" class=\"attachment-thumbnail size-thumbnail\" alt=\"\" \/><\/a>\n\t\t\t<\/div><\/figure><figure class='gallery-item'>\n\t\t\t<div class='gallery-icon portrait'>\n\t\t\t\t<a href='http:\/\/www.graphideo.com\/blog\/wp-content\/uploads\/rouen2010_frac.jpg' rel=\"lightbox[684]\"><img loading=\"lazy\" decoding=\"async\" width=\"150\" height=\"150\" src=\"http:\/\/www.graphideo.com\/blog\/wp-content\/uploads\/rouen2010_frac-150x150.jpg\" class=\"attachment-thumbnail size-thumbnail\" alt=\"\" \/><\/a>\n\t\t\t<\/div><\/figure><figure class='gallery-item'>\n\t\t\t<div class='gallery-icon landscape'>\n\t\t\t\t<a href='http:\/\/www.graphideo.com\/blog\/wp-content\/uploads\/rouen2010_saint-ouen.jpg' rel=\"lightbox[684]\"><img loading=\"lazy\" decoding=\"async\" width=\"150\" height=\"150\" src=\"http:\/\/www.graphideo.com\/blog\/wp-content\/uploads\/rouen2010_saint-ouen-150x150.jpg\" class=\"attachment-thumbnail size-thumbnail\" alt=\"\" \/><\/a>\n\t\t\t<\/div><\/figure>\n\t\t<\/div>\n\n<p>et en cadeau bonux deux petites vid\u00e9os d&rsquo;une animation nocturne au mus\u00e9e des Beaux Arts :<br \/>\n<iframe loading=\"lazy\" src=\"\/\/www.youtube.com\/embed\/O5g0KQiYcUU?rel=0\" width=\"640\" height=\"480\" frameborder=\"0\" allowfullscreen=\"allowfullscreen\"><\/iframe><\/p>\n<p><iframe loading=\"lazy\" src=\"\/\/www.youtube.com\/embed\/Hc3tnj6p5AE?rel=0\" width=\"640\" height=\"480\" frameborder=\"0\" allowfullscreen=\"allowfullscreen\"><\/iframe><br \/>\nEnjoy !<\/p>\n","protected":false},"excerpt":{"rendered":"<p>Je suis all\u00e9e ce week-end \u00e0 Rouen, o\u00f9 ont lieu tout l&rsquo;\u00e9t\u00e9 des expos et des animations dans le cadre du Festival Normandie Impressionniste, sous le titre \u00ab\u00a0Rouen impressionn\u00e9e\u00ab\u00a0. Sujet un peu pass\u00e9iste direz-vous ? Oui, mais non : les organisateurs ont eu la tr\u00e8s bonne id\u00e9e de faire participer des artistes contemporains &#8211; photographes, [&hellip;]<\/p>\n","protected":false},"author":3,"featured_media":0,"comment_status":"open","ping_status":"open","sticky":false,"template":"","format":"standard","meta":{"_acf_changed":false,"twitterCardType":"","cardImageID":0,"cardImage":"","cardTitle":"","cardDesc":"","cardImageAlt":"","cardPlayer":"","cardPlayerWidth":0,"cardPlayerHeight":0,"cardPlayerStream":"","cardPlayerCodec":"","footnotes":""},"categories":[7],"tags":[23,42,16],"class_list":["post-684","post","type-post","status-publish","format-standard","hentry","category-a-voir","tag-artiste","tag-exposition","tag-photographie"],"acf":[],"_links":{"self":[{"href":"http:\/\/www.graphideo.com\/blog\/wp-json\/wp\/v2\/posts\/684","targetHints":{"allow":["GET"]}}],"collection":[{"href":"http:\/\/www.graphideo.com\/blog\/wp-json\/wp\/v2\/posts"}],"about":[{"href":"http:\/\/www.graphideo.com\/blog\/wp-json\/wp\/v2\/types\/post"}],"author":[{"embeddable":true,"href":"http:\/\/www.graphideo.com\/blog\/wp-json\/wp\/v2\/users\/3"}],"replies":[{"embeddable":true,"href":"http:\/\/www.graphideo.com\/blog\/wp-json\/wp\/v2\/comments?post=684"}],"version-history":[{"count":16,"href":"http:\/\/www.graphideo.com\/blog\/wp-json\/wp\/v2\/posts\/684\/revisions"}],"predecessor-version":[{"id":1139,"href":"http:\/\/www.graphideo.com\/blog\/wp-json\/wp\/v2\/posts\/684\/revisions\/1139"}],"wp:attachment":[{"href":"http:\/\/www.graphideo.com\/blog\/wp-json\/wp\/v2\/media?parent=684"}],"wp:term":[{"taxonomy":"category","embeddable":true,"href":"http:\/\/www.graphideo.com\/blog\/wp-json\/wp\/v2\/categories?post=684"},{"taxonomy":"post_tag","embeddable":true,"href":"http:\/\/www.graphideo.com\/blog\/wp-json\/wp\/v2\/tags?post=684"}],"curies":[{"name":"wp","href":"https:\/\/api.w.org\/{rel}","templated":true}]}}